{"id":10124,"date":"2026-08-31T17:57:47","date_gmt":"2026-08-31T23:57:47","guid":{"rendered":"https:\/\/imagenquecautiva.com\/mx\/noticias\/?p=10124"},"modified":"2026-08-31T17:57:47","modified_gmt":"2026-08-31T23:57:47","slug":"25-de-agosto-de-2026-ayuntamiento-inaugura-historica-pavimentacion-que-conecta-a-los-mangos-y-ninos-heroes-en-alto-lucero","status":"publish","type":"post","link":"https:\/\/imagenquecautiva.com\/mx\/noticias\/2026\/08\/31\/25-de-agosto-de-2026-ayuntamiento-inaugura-historica-pavimentacion-que-conecta-a-los-mangos-y-ninos-heroes-en-alto-lucero\/","title":{"rendered":"25 de agosto de 2026 &#8211; Ayuntamiento inaugura hist\u00f3rica pavimentaci\u00f3n que conecta a Los Mangos y Ni\u00f1os H\u00e9roes en Alto Lucero"},"content":{"rendered":"\n<figure class=\"wp-block-image size-full is-resized\"><a href=\"https:\/\/www.facebook.com\/imagen.quecautiva\/posts\/pfbid0Qhh5MFYD4xPaDFuFndWBudgx7pbEBvdnXdhTmLmZxTNEsbo6HHHUeLczqQhdjrsSl?__cft__[0]=AZZZQB56FIydT2F3ImCZIVYsi1iR1lHAl6h__Hk1h88xJ5i9aucnk5Yjv1ytg0-OwYlTBtMMdBj4led7XsbOl0Zb6lVJ9qTSg9Q5cYnDCGJ4cjBjubkbTYWZ0CKETr1BKwtujZhLjadzR-GEIDogsh6_oxP3F_1tmZmVg6_LhfDuFOO1wiNKnM3w-zHEkLTD9Vg&amp;__tn__=%2CO%2CP-R\"><img fetchpriority=\"high\" decoding=\"async\" width=\"590\" height=\"393\" src=\"https:\/\/imagenquecautiva.com\/mx\/noticias\/wp-content\/uploads\/2026\/08\/25-de-agosto-de-2026-Ayuntamiento-inaugura-historica-pavimentacion-que-conecta-a-Los-Mangos-y-Ninos-Heroes-en-Alto-Lucero.jpg\" alt=\"\" class=\"wp-image-10125\" style=\"aspect-ratio:1.501351888667992;width:753px;height:auto\" srcset=\"https:\/\/imagenquecautiva.com\/mx\/noticias\/wp-content\/uploads\/2026\/08\/25-de-agosto-de-2026-Ayuntamiento-inaugura-historica-pavimentacion-que-conecta-a-Los-Mangos-y-Ninos-Heroes-en-Alto-Lucero.jpg 590w, https:\/\/imagenquecautiva.com\/mx\/noticias\/wp-content\/uploads\/2026\/08\/25-de-agosto-de-2026-Ayuntamiento-inaugura-historica-pavimentacion-que-conecta-a-Los-Mangos-y-Ninos-Heroes-en-Alto-Lucero-300x200.jpg 300w\" sizes=\"(max-width: 590px) 100vw, 590px\" \/><\/a><\/figure>\n\n\n\n<p><\/p>\n","protected":false},"excerpt":{"rendered":"","protected":false},"author":3,"featured_media":0,"comment_status":"closed","ping_status":"closed","sticky":false,"template":"","format":"standard","meta":{"footnotes":""},"categories":[3],"tags":[],"class_list":["post-10124","post","type-post","status-publish","format-standard","hentry","category-local"],"_links":{"self":[{"href":"https:\/\/imagenquecautiva.com\/mx\/noticias\/wp-json\/wp\/v2\/posts\/10124","targetHints":{"allow":["GET"]}}],"collection":[{"href":"https:\/\/imagenquecautiva.com\/mx\/noticias\/wp-json\/wp\/v2\/posts"}],"about":[{"href":"https:\/\/imagenquecautiva.com\/mx\/noticias\/wp-json\/wp\/v2\/types\/post"}],"author":[{"embeddable":true,"href":"https:\/\/imagenquecautiva.com\/mx\/noticias\/wp-json\/wp\/v2\/users\/3"}],"replies":[{"embeddable":true,"href":"https:\/\/imagenquecautiva.com\/mx\/noticias\/wp-json\/wp\/v2\/comments?post=10124"}],"version-history":[{"count":1,"href":"https:\/\/imagenquecautiva.com\/mx\/noticias\/wp-json\/wp\/v2\/posts\/10124\/revisions"}],"predecessor-version":[{"id":10126,"href":"https:\/\/imagenquecautiva.com\/mx\/noticias\/wp-json\/wp\/v2\/posts\/10124\/revisions\/10126"}],"wp:attachment":[{"href":"https:\/\/imagenquecautiva.com\/mx\/noticias\/wp-json\/wp\/v2\/media?parent=10124"}],"wp:term":[{"taxonomy":"category","embeddable":true,"href":"https:\/\/imagenquecautiva.com\/mx\/noticias\/wp-json\/wp\/v2\/categories?post=10124"},{"taxonomy":"post_tag","embeddable":true,"href":"https:\/\/imagenquecautiva.com\/mx\/noticias\/wp-json\/wp\/v2\/tags?post=10124"}],"curies":[{"name":"wp","href":"https:\/\/api.w.org\/{rel}","templated":true}]}}