{"id":10112,"date":"2026-08-31T17:53:30","date_gmt":"2026-08-31T23:53:30","guid":{"rendered":"https:\/\/imagenquecautiva.com\/mx\/noticias\/?p=10112"},"modified":"2026-08-31T17:53:30","modified_gmt":"2026-08-31T23:53:30","slug":"14-de-agosto-de-2026-convocatoria-de-la-auditoria-superior-de-la-federacion-y-el-orfis-veracruz-para-la-apertura-de-auditorias-integrales-a-los-recursos-del-gasto-federalizado","status":"publish","type":"post","link":"https:\/\/imagenquecautiva.com\/mx\/noticias\/2026\/08\/31\/14-de-agosto-de-2026-convocatoria-de-la-auditoria-superior-de-la-federacion-y-el-orfis-veracruz-para-la-apertura-de-auditorias-integrales-a-los-recursos-del-gasto-federalizado\/","title":{"rendered":"14 de agosto de 2026 &#8211; convocatoria de la Auditor\u00eda Superior de la Federaci\u00f3n y el ORFIS Veracruz para la Apertura de Auditor\u00edas Integrales a los Recursos del Gasto Federalizado"},"content":{"rendered":"\n<figure class=\"wp-block-image size-full is-resized\"><a href=\"https:\/\/www.facebook.com\/imagen.quecautiva\/posts\/pfbid0Bapmv2fHH42riTv976eNUBPqW7Cv6izGEJnZuYcu2Bw7t3CNDPc7R6xLp2WdNpwhl?__cft__[0]=AZaATUbWeo4koPNJNPZOepql2BToMIyjFnaktcgL0jI7g8PurKk6XdYE9FpJr-TsfO1yGhFkb1G37JjgDLl8MSJN-41wCWnOibsxcWTYfOq-AIMvG1rzDgpN3NOvOix4ZO3TAwhcdG1Eqgb7SnT3hzfMT_0y4B7ydee4VJqy12GGjW6BSghBmNSxPyV1x5LmPh-pS2xNqhSi16pS3cflzyGDWxufJmqfByEwQ-_YmW6eGQ&amp;__tn__=%2CO%2CP-R\"><img fetchpriority=\"high\" decoding=\"async\" width=\"443\" height=\"590\" src=\"https:\/\/imagenquecautiva.com\/mx\/noticias\/wp-content\/uploads\/2026\/08\/14.1-de-agosto-de-2026-convocatoria-de-la-Auditoria-Superior-de-la-Federacion-y-el-ORFIS-Veracruz-para-la-Apertura-de-Auditorias-Integrales-a-los-Recursos-del-Gasto-Federalizado.jpg\" alt=\"\" class=\"wp-image-10113\" style=\"aspect-ratio:0.7508607447428359;width:552px;height:auto\" srcset=\"https:\/\/imagenquecautiva.com\/mx\/noticias\/wp-content\/uploads\/2026\/08\/14.1-de-agosto-de-2026-convocatoria-de-la-Auditoria-Superior-de-la-Federacion-y-el-ORFIS-Veracruz-para-la-Apertura-de-Auditorias-Integrales-a-los-Recursos-del-Gasto-Federalizado.jpg 443w, https:\/\/imagenquecautiva.com\/mx\/noticias\/wp-content\/uploads\/2026\/08\/14.1-de-agosto-de-2026-convocatoria-de-la-Auditoria-Superior-de-la-Federacion-y-el-ORFIS-Veracruz-para-la-Apertura-de-Auditorias-Integrales-a-los-Recursos-del-Gasto-Federalizado-225x300.jpg 225w\" sizes=\"(max-width: 443px) 100vw, 443px\" \/><\/a><\/figure>\n","protected":false},"excerpt":{"rendered":"","protected":false},"author":3,"featured_media":0,"comment_status":"closed","ping_status":"closed","sticky":false,"template":"","format":"standard","meta":{"footnotes":""},"categories":[3],"tags":[],"class_list":["post-10112","post","type-post","status-publish","format-standard","hentry","category-local"],"_links":{"self":[{"href":"https:\/\/imagenquecautiva.com\/mx\/noticias\/wp-json\/wp\/v2\/posts\/10112","targetHints":{"allow":["GET"]}}],"collection":[{"href":"https:\/\/imagenquecautiva.com\/mx\/noticias\/wp-json\/wp\/v2\/posts"}],"about":[{"href":"https:\/\/imagenquecautiva.com\/mx\/noticias\/wp-json\/wp\/v2\/types\/post"}],"author":[{"embeddable":true,"href":"https:\/\/imagenquecautiva.com\/mx\/noticias\/wp-json\/wp\/v2\/users\/3"}],"replies":[{"embeddable":true,"href":"https:\/\/imagenquecautiva.com\/mx\/noticias\/wp-json\/wp\/v2\/comments?post=10112"}],"version-history":[{"count":1,"href":"https:\/\/imagenquecautiva.com\/mx\/noticias\/wp-json\/wp\/v2\/posts\/10112\/revisions"}],"predecessor-version":[{"id":10114,"href":"https:\/\/imagenquecautiva.com\/mx\/noticias\/wp-json\/wp\/v2\/posts\/10112\/revisions\/10114"}],"wp:attachment":[{"href":"https:\/\/imagenquecautiva.com\/mx\/noticias\/wp-json\/wp\/v2\/media?parent=10112"}],"wp:term":[{"taxonomy":"category","embeddable":true,"href":"https:\/\/imagenquecautiva.com\/mx\/noticias\/wp-json\/wp\/v2\/categories?post=10112"},{"taxonomy":"post_tag","embeddable":true,"href":"https:\/\/imagenquecautiva.com\/mx\/noticias\/wp-json\/wp\/v2\/tags?post=10112"}],"curies":[{"name":"wp","href":"https:\/\/api.w.org\/{rel}","templated":true}]}}